{"id":48882,"date":"2026-04-28T10:12:00","date_gmt":"2026-04-28T08:12:00","guid":{"rendered":"https:\/\/ecos.ch\/ecos-a-la-premiere-climate-week-zurich\/"},"modified":"2026-04-28T10:12:00","modified_gmt":"2026-04-28T08:12:00","slug":"ecos-a-la-premiere-climate-week-zurich","status":"publish","type":"post","link":"https:\/\/ecos.ch\/fr\/ecos-a-la-premiere-climate-week-zurich\/","title":{"rendered":"ecos \u00e0 la premi\u00e8re Climate Week Zurich"},"content":{"rendered":"","protected":false},"excerpt":{"rendered":"<p>Du 4 au 9 mai 2026, nous participerons \u00e0 la premi\u00e8re Climate Week Zurich (CWZ) en proposant quatre ateliers ax\u00e9s sur la pratique.<\/p>\n","protected":false},"author":21,"featured_media":48880,"comment_status":"closed","ping_status":"closed","sticky":false,"template":"","format":"standard","meta":{"_acf_changed":false,"_et_pb_use_builder":"","_et_pb_old_content":"","_et_gb_content_width":"","inline_featured_image":false,"footnotes":""},"categories":[296],"tags":[],"class_list":["post-48882","post","type-post","status-publish","format-standard","has-post-thumbnail","hentry","category-unkategorisiert-fr"],"acf":[],"yoast_head":"<!-- This site is optimized with the Yoast SEO plugin v27.4 - https:\/\/yoast.com\/product\/yoast-seo-wordpress\/ -->\n<title>ecos \u00e0 la premi\u00e8re Climate Week Zurich<\/title>\n<meta name=\"description\" content=\"Du 4 au 9 mai 2026, nous participerons, en collaboration avec le cabinet de conseil Sustainable AG, \u00e0 la premi\u00e8re \u00e9dition de la Climate Week Zurich (CWZ).\" \/>\n<meta name=\"robots\" content=\"index, follow, max-snippet:-1, max-image-preview:large, max-video-preview:-1\" \/>\n<link rel=\"canonical\" href=\"https:\/\/ecos.ch\/fr\/ecos-a-la-premiere-climate-week-zurich\/\" \/>\n<meta property=\"og:locale\" content=\"fr_FR\" \/>\n<meta property=\"og:type\" content=\"article\" \/>\n<meta property=\"og:title\" content=\"ecos \u00e0 la premi\u00e8re Climate Week Zurich\" \/>\n<meta property=\"og:description\" content=\"Du 4 au 9 mai 2026, nous participerons, en collaboration avec le cabinet de conseil Sustainable AG, \u00e0 la premi\u00e8re \u00e9dition de la Climate Week Zurich (CWZ).\" \/>\n<meta property=\"og:url\" content=\"https:\/\/ecos.ch\/fr\/ecos-a-la-premiere-climate-week-zurich\/\" \/>\n<meta property=\"og:site_name\" content=\"ecos\" \/>\n<meta property=\"article:published_time\" content=\"2026-04-28T08:12:00+00:00\" \/>\n<meta property=\"og:image\" content=\"https:\/\/ecos.ch\/wp-content\/uploads\/2026\/04\/Circular-Economy-in-Action-Cross-Industry-Innovation-Workshop.jpg\" \/>\n\t<meta property=\"og:image:width\" content=\"800\" \/>\n\t<meta property=\"og:image:height\" content=\"600\" \/>\n\t<meta property=\"og:image:type\" content=\"image\/jpeg\" \/>\n<meta name=\"author\" content=\"Jenny Wagner\" \/>\n<meta name=\"twitter:card\" content=\"summary_large_image\" \/>\n<meta name=\"twitter:label1\" content=\"\u00c9crit par\" \/>\n\t<meta name=\"twitter:data1\" content=\"Jenny Wagner\" \/>\n<script type=\"application\/ld+json\" class=\"yoast-schema-graph\">{\"@context\":\"https:\\\/\\\/schema.org\",\"@graph\":[{\"@type\":\"Article\",\"@id\":\"https:\\\/\\\/ecos.ch\\\/fr\\\/ecos-a-la-premiere-climate-week-zurich\\\/#article\",\"isPartOf\":{\"@id\":\"https:\\\/\\\/ecos.ch\\\/fr\\\/ecos-a-la-premiere-climate-week-zurich\\\/\"},\"author\":{\"name\":\"Jenny Wagner\",\"@id\":\"https:\\\/\\\/ecos.ch\\\/fr\\\/#\\\/schema\\\/person\\\/cdef0b588647597b00de0f016fbc6cc4\"},\"headline\":\"ecos \u00e0 la premi\u00e8re Climate Week Zurich\",\"datePublished\":\"2026-04-28T08:12:00+00:00\",\"mainEntityOfPage\":{\"@id\":\"https:\\\/\\\/ecos.ch\\\/fr\\\/ecos-a-la-premiere-climate-week-zurich\\\/\"},\"wordCount\":7,\"publisher\":{\"@id\":\"https:\\\/\\\/ecos.ch\\\/fr\\\/#organization\"},\"image\":{\"@id\":\"https:\\\/\\\/ecos.ch\\\/fr\\\/ecos-a-la-premiere-climate-week-zurich\\\/#primaryimage\"},\"thumbnailUrl\":\"https:\\\/\\\/ecos.ch\\\/wp-content\\\/uploads\\\/2026\\\/04\\\/Circular-Economy-in-Action-Cross-Industry-Innovation-Workshop.jpg\",\"articleSection\":[\"Unkategorisiert\"],\"inLanguage\":\"fr-FR\"},{\"@type\":\"WebPage\",\"@id\":\"https:\\\/\\\/ecos.ch\\\/fr\\\/ecos-a-la-premiere-climate-week-zurich\\\/\",\"url\":\"https:\\\/\\\/ecos.ch\\\/fr\\\/ecos-a-la-premiere-climate-week-zurich\\\/\",\"name\":\"ecos \u00e0 la premi\u00e8re Climate Week Zurich\",\"isPartOf\":{\"@id\":\"https:\\\/\\\/ecos.ch\\\/fr\\\/#website\"},\"primaryImageOfPage\":{\"@id\":\"https:\\\/\\\/ecos.ch\\\/fr\\\/ecos-a-la-premiere-climate-week-zurich\\\/#primaryimage\"},\"image\":{\"@id\":\"https:\\\/\\\/ecos.ch\\\/fr\\\/ecos-a-la-premiere-climate-week-zurich\\\/#primaryimage\"},\"thumbnailUrl\":\"https:\\\/\\\/ecos.ch\\\/wp-content\\\/uploads\\\/2026\\\/04\\\/Circular-Economy-in-Action-Cross-Industry-Innovation-Workshop.jpg\",\"datePublished\":\"2026-04-28T08:12:00+00:00\",\"description\":\"Du 4 au 9 mai 2026, nous participerons, en collaboration avec le cabinet de conseil Sustainable AG, \u00e0 la premi\u00e8re \u00e9dition de la Climate Week Zurich (CWZ).\",\"breadcrumb\":{\"@id\":\"https:\\\/\\\/ecos.ch\\\/fr\\\/ecos-a-la-premiere-climate-week-zurich\\\/#breadcrumb\"},\"inLanguage\":\"fr-FR\",\"potentialAction\":[{\"@type\":\"ReadAction\",\"target\":[\"https:\\\/\\\/ecos.ch\\\/fr\\\/ecos-a-la-premiere-climate-week-zurich\\\/\"]}]},{\"@type\":\"ImageObject\",\"inLanguage\":\"fr-FR\",\"@id\":\"https:\\\/\\\/ecos.ch\\\/fr\\\/ecos-a-la-premiere-climate-week-zurich\\\/#primaryimage\",\"url\":\"https:\\\/\\\/ecos.ch\\\/wp-content\\\/uploads\\\/2026\\\/04\\\/Circular-Economy-in-Action-Cross-Industry-Innovation-Workshop.jpg\",\"contentUrl\":\"https:\\\/\\\/ecos.ch\\\/wp-content\\\/uploads\\\/2026\\\/04\\\/Circular-Economy-in-Action-Cross-Industry-Innovation-Workshop.jpg\",\"width\":800,\"height\":600},{\"@type\":\"BreadcrumbList\",\"@id\":\"https:\\\/\\\/ecos.ch\\\/fr\\\/ecos-a-la-premiere-climate-week-zurich\\\/#breadcrumb\",\"itemListElement\":[{\"@type\":\"ListItem\",\"position\":1,\"name\":\"Startseite\",\"item\":\"https:\\\/\\\/ecos.ch\\\/fr\\\/\"},{\"@type\":\"ListItem\",\"position\":2,\"name\":\"ecos \u00e0 la premi\u00e8re Climate Week Zurich\"}]},{\"@type\":\"WebSite\",\"@id\":\"https:\\\/\\\/ecos.ch\\\/fr\\\/#website\",\"url\":\"https:\\\/\\\/ecos.ch\\\/fr\\\/\",\"name\":\"ecos\",\"description\":\"schafft Werte f\u00fcr die nachhaltige Entwicklung\",\"publisher\":{\"@id\":\"https:\\\/\\\/ecos.ch\\\/fr\\\/#organization\"},\"potentialAction\":[{\"@type\":\"SearchAction\",\"target\":{\"@type\":\"EntryPoint\",\"urlTemplate\":\"https:\\\/\\\/ecos.ch\\\/fr\\\/?s={search_term_string}\"},\"query-input\":{\"@type\":\"PropertyValueSpecification\",\"valueRequired\":true,\"valueName\":\"search_term_string\"}}],\"inLanguage\":\"fr-FR\"},{\"@type\":\"Organization\",\"@id\":\"https:\\\/\\\/ecos.ch\\\/fr\\\/#organization\",\"name\":\"ecos AG\",\"url\":\"https:\\\/\\\/ecos.ch\\\/fr\\\/\",\"logo\":{\"@type\":\"ImageObject\",\"inLanguage\":\"fr-FR\",\"@id\":\"https:\\\/\\\/ecos.ch\\\/fr\\\/#\\\/schema\\\/logo\\\/image\\\/\",\"url\":\"https:\\\/\\\/ecos.ch\\\/wp-content\\\/uploads\\\/2023\\\/09\\\/ecos-Logo-ohne-Rand.svg\",\"contentUrl\":\"https:\\\/\\\/ecos.ch\\\/wp-content\\\/uploads\\\/2023\\\/09\\\/ecos-Logo-ohne-Rand.svg\",\"width\":\"1030\",\"height\":\"1030\",\"caption\":\"ecos AG\"},\"image\":{\"@id\":\"https:\\\/\\\/ecos.ch\\\/fr\\\/#\\\/schema\\\/logo\\\/image\\\/\"},\"sameAs\":[\"https:\\\/\\\/www.linkedin.com\\\/company\\\/ecos-ag\\\/\"]},{\"@type\":\"Person\",\"@id\":\"https:\\\/\\\/ecos.ch\\\/fr\\\/#\\\/schema\\\/person\\\/cdef0b588647597b00de0f016fbc6cc4\",\"name\":\"Jenny Wagner\",\"image\":{\"@type\":\"ImageObject\",\"inLanguage\":\"fr-FR\",\"@id\":\"https:\\\/\\\/secure.gravatar.com\\\/avatar\\\/8d61a237b6f79717133010b75a510d5835fa018c4130b2b2b76b61e5474f0e33?s=96&d=mm&r=g\",\"url\":\"https:\\\/\\\/secure.gravatar.com\\\/avatar\\\/8d61a237b6f79717133010b75a510d5835fa018c4130b2b2b76b61e5474f0e33?s=96&d=mm&r=g\",\"contentUrl\":\"https:\\\/\\\/secure.gravatar.com\\\/avatar\\\/8d61a237b6f79717133010b75a510d5835fa018c4130b2b2b76b61e5474f0e33?s=96&d=mm&r=g\",\"caption\":\"Jenny Wagner\"}}]}<\/script>\n<!-- \/ Yoast SEO plugin. -->","yoast_head_json":{"title":"ecos \u00e0 la premi\u00e8re Climate Week Zurich","description":"Du 4 au 9 mai 2026, nous participerons, en collaboration avec le cabinet de conseil Sustainable AG, \u00e0 la premi\u00e8re \u00e9dition de la Climate Week Zurich (CWZ).","robots":{"index":"index","follow":"follow","max-snippet":"max-snippet:-1","max-image-preview":"max-image-preview:large","max-video-preview":"max-video-preview:-1"},"canonical":"https:\/\/ecos.ch\/fr\/ecos-a-la-premiere-climate-week-zurich\/","og_locale":"fr_FR","og_type":"article","og_title":"ecos \u00e0 la premi\u00e8re Climate Week Zurich","og_description":"Du 4 au 9 mai 2026, nous participerons, en collaboration avec le cabinet de conseil Sustainable AG, \u00e0 la premi\u00e8re \u00e9dition de la Climate Week Zurich (CWZ).","og_url":"https:\/\/ecos.ch\/fr\/ecos-a-la-premiere-climate-week-zurich\/","og_site_name":"ecos","article_published_time":"2026-04-28T08:12:00+00:00","og_image":[{"width":800,"height":600,"url":"https:\/\/ecos.ch\/wp-content\/uploads\/2026\/04\/Circular-Economy-in-Action-Cross-Industry-Innovation-Workshop.jpg","type":"image\/jpeg"}],"author":"Jenny Wagner","twitter_card":"summary_large_image","twitter_misc":{"\u00c9crit par":"Jenny Wagner"},"schema":{"@context":"https:\/\/schema.org","@graph":[{"@type":"Article","@id":"https:\/\/ecos.ch\/fr\/ecos-a-la-premiere-climate-week-zurich\/#article","isPartOf":{"@id":"https:\/\/ecos.ch\/fr\/ecos-a-la-premiere-climate-week-zurich\/"},"author":{"name":"Jenny Wagner","@id":"https:\/\/ecos.ch\/fr\/#\/schema\/person\/cdef0b588647597b00de0f016fbc6cc4"},"headline":"ecos \u00e0 la premi\u00e8re Climate Week Zurich","datePublished":"2026-04-28T08:12:00+00:00","mainEntityOfPage":{"@id":"https:\/\/ecos.ch\/fr\/ecos-a-la-premiere-climate-week-zurich\/"},"wordCount":7,"publisher":{"@id":"https:\/\/ecos.ch\/fr\/#organization"},"image":{"@id":"https:\/\/ecos.ch\/fr\/ecos-a-la-premiere-climate-week-zurich\/#primaryimage"},"thumbnailUrl":"https:\/\/ecos.ch\/wp-content\/uploads\/2026\/04\/Circular-Economy-in-Action-Cross-Industry-Innovation-Workshop.jpg","articleSection":["Unkategorisiert"],"inLanguage":"fr-FR"},{"@type":"WebPage","@id":"https:\/\/ecos.ch\/fr\/ecos-a-la-premiere-climate-week-zurich\/","url":"https:\/\/ecos.ch\/fr\/ecos-a-la-premiere-climate-week-zurich\/","name":"ecos \u00e0 la premi\u00e8re Climate Week Zurich","isPartOf":{"@id":"https:\/\/ecos.ch\/fr\/#website"},"primaryImageOfPage":{"@id":"https:\/\/ecos.ch\/fr\/ecos-a-la-premiere-climate-week-zurich\/#primaryimage"},"image":{"@id":"https:\/\/ecos.ch\/fr\/ecos-a-la-premiere-climate-week-zurich\/#primaryimage"},"thumbnailUrl":"https:\/\/ecos.ch\/wp-content\/uploads\/2026\/04\/Circular-Economy-in-Action-Cross-Industry-Innovation-Workshop.jpg","datePublished":"2026-04-28T08:12:00+00:00","description":"Du 4 au 9 mai 2026, nous participerons, en collaboration avec le cabinet de conseil Sustainable AG, \u00e0 la premi\u00e8re \u00e9dition de la Climate Week Zurich (CWZ).","breadcrumb":{"@id":"https:\/\/ecos.ch\/fr\/ecos-a-la-premiere-climate-week-zurich\/#breadcrumb"},"inLanguage":"fr-FR","potentialAction":[{"@type":"ReadAction","target":["https:\/\/ecos.ch\/fr\/ecos-a-la-premiere-climate-week-zurich\/"]}]},{"@type":"ImageObject","inLanguage":"fr-FR","@id":"https:\/\/ecos.ch\/fr\/ecos-a-la-premiere-climate-week-zurich\/#primaryimage","url":"https:\/\/ecos.ch\/wp-content\/uploads\/2026\/04\/Circular-Economy-in-Action-Cross-Industry-Innovation-Workshop.jpg","contentUrl":"https:\/\/ecos.ch\/wp-content\/uploads\/2026\/04\/Circular-Economy-in-Action-Cross-Industry-Innovation-Workshop.jpg","width":800,"height":600},{"@type":"BreadcrumbList","@id":"https:\/\/ecos.ch\/fr\/ecos-a-la-premiere-climate-week-zurich\/#breadcrumb","itemListElement":[{"@type":"ListItem","position":1,"name":"Startseite","item":"https:\/\/ecos.ch\/fr\/"},{"@type":"ListItem","position":2,"name":"ecos \u00e0 la premi\u00e8re Climate Week Zurich"}]},{"@type":"WebSite","@id":"https:\/\/ecos.ch\/fr\/#website","url":"https:\/\/ecos.ch\/fr\/","name":"ecos","description":"schafft Werte f\u00fcr die nachhaltige Entwicklung","publisher":{"@id":"https:\/\/ecos.ch\/fr\/#organization"},"potentialAction":[{"@type":"SearchAction","target":{"@type":"EntryPoint","urlTemplate":"https:\/\/ecos.ch\/fr\/?s={search_term_string}"},"query-input":{"@type":"PropertyValueSpecification","valueRequired":true,"valueName":"search_term_string"}}],"inLanguage":"fr-FR"},{"@type":"Organization","@id":"https:\/\/ecos.ch\/fr\/#organization","name":"ecos AG","url":"https:\/\/ecos.ch\/fr\/","logo":{"@type":"ImageObject","inLanguage":"fr-FR","@id":"https:\/\/ecos.ch\/fr\/#\/schema\/logo\/image\/","url":"https:\/\/ecos.ch\/wp-content\/uploads\/2023\/09\/ecos-Logo-ohne-Rand.svg","contentUrl":"https:\/\/ecos.ch\/wp-content\/uploads\/2023\/09\/ecos-Logo-ohne-Rand.svg","width":"1030","height":"1030","caption":"ecos AG"},"image":{"@id":"https:\/\/ecos.ch\/fr\/#\/schema\/logo\/image\/"},"sameAs":["https:\/\/www.linkedin.com\/company\/ecos-ag\/"]},{"@type":"Person","@id":"https:\/\/ecos.ch\/fr\/#\/schema\/person\/cdef0b588647597b00de0f016fbc6cc4","name":"Jenny Wagner","image":{"@type":"ImageObject","inLanguage":"fr-FR","@id":"https:\/\/secure.gravatar.com\/avatar\/8d61a237b6f79717133010b75a510d5835fa018c4130b2b2b76b61e5474f0e33?s=96&d=mm&r=g","url":"https:\/\/secure.gravatar.com\/avatar\/8d61a237b6f79717133010b75a510d5835fa018c4130b2b2b76b61e5474f0e33?s=96&d=mm&r=g","contentUrl":"https:\/\/secure.gravatar.com\/avatar\/8d61a237b6f79717133010b75a510d5835fa018c4130b2b2b76b61e5474f0e33?s=96&d=mm&r=g","caption":"Jenny Wagner"}}]}},"_links":{"self":[{"href":"https:\/\/ecos.ch\/fr\/wp-json\/wp\/v2\/posts\/48882","targetHints":{"allow":["GET"]}}],"collection":[{"href":"https:\/\/ecos.ch\/fr\/wp-json\/wp\/v2\/posts"}],"about":[{"href":"https:\/\/ecos.ch\/fr\/wp-json\/wp\/v2\/types\/post"}],"author":[{"embeddable":true,"href":"https:\/\/ecos.ch\/fr\/wp-json\/wp\/v2\/users\/21"}],"replies":[{"embeddable":true,"href":"https:\/\/ecos.ch\/fr\/wp-json\/wp\/v2\/comments?post=48882"}],"version-history":[{"count":0,"href":"https:\/\/ecos.ch\/fr\/wp-json\/wp\/v2\/posts\/48882\/revisions"}],"wp:featuredmedia":[{"embeddable":true,"href":"https:\/\/ecos.ch\/fr\/wp-json\/wp\/v2\/media\/48880"}],"wp:attachment":[{"href":"https:\/\/ecos.ch\/fr\/wp-json\/wp\/v2\/media?parent=48882"}],"wp:term":[{"taxonomy":"category","embeddable":true,"href":"https:\/\/ecos.ch\/fr\/wp-json\/wp\/v2\/categories?post=48882"},{"taxonomy":"post_tag","embeddable":true,"href":"https:\/\/ecos.ch\/fr\/wp-json\/wp\/v2\/tags?post=48882"}],"curies":[{"name":"wp","href":"https:\/\/api.w.org\/{rel}","templated":true}]}}